{"id":1349,"date":"2015-06-09T21:39:24","date_gmt":"2015-06-09T19:39:24","guid":{"rendered":"http:\/\/artm-friends.at\/kochstudio\/?p=1349"},"modified":"2015-06-09T21:39:24","modified_gmt":"2015-06-09T19:39:24","slug":"radieschen-krauter-salat","status":"publish","type":"post","link":"https:\/\/artm-friends.at\/kochstudio\/?p=1349","title":{"rendered":"Radieschen-Kr\u00e4uter-Salat"},"content":{"rendered":"<p><b>Zutaten (f\u00fcr 2 Portionen):<\/b><br \/>\n2 Bund Radieschen, 2 Handvoll gemischte Kr\u00e4uter, 1\/2 Zitrone, 1 Becher Joghurt, 1 EL Limonen\u00f6l, Salz, Pfeffer<\/p>\n<p><img loading=\"lazy\" decoding=\"async\" src=\"\/kochstudio\/wp-content\/images\/salat_radiesk.jpg\" width=\"400\" height=\"300\" alt=\"Radieschen-Kr\u00e4uter-Salat\" title=\"Radieschen-Kr\u00e4uter-Salat\" \/><\/p>\n<p><b>Zubereitung:<\/b><br \/>\nVon den Radieschen die Wurzel und das Gr\u00fcn entfernen, waschen und vierteln. Mit Hilfe einer K\u00fcchenmaschine grob reiben und in eine Sch\u00fcssel sch\u00fctten.<\/p>\n<p>Zitrone auspressen. Kr\u00e4uter vorsichtig waschen und trocken sch\u00fctteln, dann hacken und zu den Radieschen geben. Joghurt, Limonen\u00f6l und Zitronensaft untermischen und mit Salz und Pfeffer abschmecken.<\/p>\n","protected":false},"excerpt":{"rendered":"<p>Zutaten (f\u00fcr 2 Portionen): 2 Bund Radieschen, 2 Handvoll gemischte Kr\u00e4uter, 1\/2 Zitrone, 1 Becher Joghurt, 1 EL Limonen\u00f6l, Salz, Pfeffer Zubereitung: Von den Radieschen die Wurzel und das Gr\u00fcn entfernen, waschen und vierteln. Mit Hilfe einer K\u00fcchenmaschine grob reiben und in eine Sch\u00fcssel sch\u00fctten. Zitrone auspressen. Kr\u00e4uter vorsichtig waschen und trocken sch\u00fctteln, dann hacken [&hellip;]<\/p>\n","protected":false},"author":2,"featured_media":0,"comment_status":"open","ping_status":"open","sticky":false,"template":"","format":"standard","meta":{"footnotes":""},"categories":[30,25,66],"tags":[59,297],"_links":{"self":[{"href":"https:\/\/artm-friends.at\/kochstudio\/index.php?rest_route=\/wp\/v2\/posts\/1349"}],"collection":[{"href":"https:\/\/artm-friends.at\/kochstudio\/index.php?rest_route=\/wp\/v2\/posts"}],"about":[{"href":"https:\/\/artm-friends.at\/kochstudio\/index.php?rest_route=\/wp\/v2\/types\/post"}],"author":[{"embeddable":true,"href":"https:\/\/artm-friends.at\/kochstudio\/index.php?rest_route=\/wp\/v2\/users\/2"}],"replies":[{"embeddable":true,"href":"https:\/\/artm-friends.at\/kochstudio\/index.php?rest_route=%2Fwp%2Fv2%2Fcomments&post=1349"}],"version-history":[{"count":1,"href":"https:\/\/artm-friends.at\/kochstudio\/index.php?rest_route=\/wp\/v2\/posts\/1349\/revisions"}],"predecessor-version":[{"id":1350,"href":"https:\/\/artm-friends.at\/kochstudio\/index.php?rest_route=\/wp\/v2\/posts\/1349\/revisions\/1350"}],"wp:attachment":[{"href":"https:\/\/artm-friends.at\/kochstudio\/index.php?rest_route=%2Fwp%2Fv2%2Fmedia&parent=1349"}],"wp:term":[{"taxonomy":"category","embeddable":true,"href":"https:\/\/artm-friends.at\/kochstudio\/index.php?rest_route=%2Fwp%2Fv2%2Fcategories&post=1349"},{"taxonomy":"post_tag","embeddable":true,"href":"https:\/\/artm-friends.at\/kochstudio\/index.php?rest_route=%2Fwp%2Fv2%2Ftags&post=1349"}],"curies":[{"name":"wp","href":"https:\/\/api.w.org\/{rel}","templated":true}]}}