{"id":1002,"date":"2013-10-26T18:40:50","date_gmt":"2013-10-26T16:40:50","guid":{"rendered":"http:\/\/artm-friends.at\/kochstudio\/?p=1002"},"modified":"2024-05-03T16:07:01","modified_gmt":"2024-05-03T14:07:01","slug":"radicchio-salat","status":"publish","type":"post","link":"https:\/\/artm-friends.at\/kochstudio\/?p=1002","title":{"rendered":"Radicchio-Salat"},"content":{"rendered":"<p><b>Zutaten (f\u00fcr 2 Portionen):<\/b><br \/>\n100 g Radicchio-Bl\u00e4tter, 3 EL Cassis-Essig mit Fruchtfleisch, 3 EL Walnuss\u00f6l\n<\/p>\n<p><img loading=\"lazy\" decoding=\"async\" src=\"https:\/\/artm-friends.at\/kochstudio\/wp-content\/images\/herbst_var.jpg\" width=\"400\" height=\"300\" alt=\"Radicchio-Salat\" title=\"Radicchio-Salat\" \/><br \/><e>Im Bild hinten<\/e><\/p>\n<p><b>Zubereitung:<\/b><br \/>\nRadicchio waschen, trocken sch\u00fctteln, dann in schmale Streifen schneiden. Essig und \u00d6l zu einer s\u00e4migen Sauce verr\u00fchren. Den auf einem Teller angerichteten Radicchio mit der Marinade betr\u00e4ufeln.<\/p>\n","protected":false},"excerpt":{"rendered":"<p>Zutaten (f\u00fcr 2 Portionen): 100 g Radicchio-Bl\u00e4tter, 3 EL Cassis-Essig mit Fruchtfleisch, 3 EL Walnuss\u00f6l Im Bild hinten Zubereitung: Radicchio waschen, trocken sch\u00fctteln, dann in schmale Streifen schneiden. Essig und \u00d6l zu einer s\u00e4migen Sauce verr\u00fchren. Den auf einem Teller angerichteten Radicchio mit der Marinade betr\u00e4ufeln.<\/p>\n","protected":false},"author":2,"featured_media":0,"comment_status":"open","ping_status":"open","sticky":false,"template":"","format":"standard","meta":{"footnotes":""},"categories":[25,14],"tags":[108],"_links":{"self":[{"href":"https:\/\/artm-friends.at\/kochstudio\/index.php?rest_route=\/wp\/v2\/posts\/1002"}],"collection":[{"href":"https:\/\/artm-friends.at\/kochstudio\/index.php?rest_route=\/wp\/v2\/posts"}],"about":[{"href":"https:\/\/artm-friends.at\/kochstudio\/index.php?rest_route=\/wp\/v2\/types\/post"}],"author":[{"embeddable":true,"href":"https:\/\/artm-friends.at\/kochstudio\/index.php?rest_route=\/wp\/v2\/users\/2"}],"replies":[{"embeddable":true,"href":"https:\/\/artm-friends.at\/kochstudio\/index.php?rest_route=%2Fwp%2Fv2%2Fcomments&post=1002"}],"version-history":[{"count":3,"href":"https:\/\/artm-friends.at\/kochstudio\/index.php?rest_route=\/wp\/v2\/posts\/1002\/revisions"}],"predecessor-version":[{"id":3983,"href":"https:\/\/artm-friends.at\/kochstudio\/index.php?rest_route=\/wp\/v2\/posts\/1002\/revisions\/3983"}],"wp:attachment":[{"href":"https:\/\/artm-friends.at\/kochstudio\/index.php?rest_route=%2Fwp%2Fv2%2Fmedia&parent=1002"}],"wp:term":[{"taxonomy":"category","embeddable":true,"href":"https:\/\/artm-friends.at\/kochstudio\/index.php?rest_route=%2Fwp%2Fv2%2Fcategories&post=1002"},{"taxonomy":"post_tag","embeddable":true,"href":"https:\/\/artm-friends.at\/kochstudio\/index.php?rest_route=%2Fwp%2Fv2%2Ftags&post=1002"}],"curies":[{"name":"wp","href":"https:\/\/api.w.org\/{rel}","templated":true}]}}